{"id":992,"date":"2013-04-16T06:06:50","date_gmt":"2013-04-16T06:06:50","guid":{"rendered":"http:\/\/localhost\/joomla\/2013\/04\/16\/al-borde-del-parque\/"},"modified":"2023-07-02T16:14:04","modified_gmt":"2023-07-02T14:14:04","slug":"al-borde-del-parque","status":"publish","type":"post","link":"https:\/\/elbeaterio.es\/index.php\/2013\/04\/16\/al-borde-del-parque\/","title":{"rendered":"Al borde del parqu\u00e9"},"content":{"rendered":"<p>La entrenadora de balonmano del Bera Bera, actual l\u00edder de la divisi\u00f3n de honor femenina, anuncia que abandona al final de temporada el banquillo del equipo guipuzcoano, porque entiende que su ciclo ha terminado despu\u00e9s de cubrir muchas etapas al frente de un proyecto consolidado pese a las dificultades<\/p>\n<p><!--more--><\/p>\n<p>La decisi\u00f3n la adopt\u00f3 hace un tiempo, la comunic\u00f3 al club y han esperado a encontrar el momento id\u00f3neo para hacerla p\u00fablica. Esta salida coincidir\u00e1 con una temporada extraordinaria del equipo, ya que ha ganado la Copa, la Supercopa y van las primeras en la liga.<\/p>\n<p>\u00bfCu\u00e1les pueden ser la razones que le llevan a esta decisi\u00f3n?. Quiz\u00e1s la respuesta la podamos encontrar en un art\u00edculo que public\u00f3 recientemente:<\/p>\n<p>\u201c<em>La negativa constante de los dirigentes de nuestro deporte a establecer pilares firmes en las estructuras relacionadas con el balonmano practicado por mujeres: federaciones, clubes, asociaciones (entrenador@s, \u00e1rbitr@s, jugadoras, aficionados)\u00a0 ha obstaculizado\u00a0 el necesario avance hacia un balonmano moderno, m\u00e1s vivo y atractivo para el p\u00fablico en general, con presencia en la red, con jugadoras reconocidas, modelos deportivos y mujeres transmisoras de valores (cooperaci\u00f3n, superaci\u00f3n, solidaridad, liderazgo, ambici\u00f3n) b\u00e1sicos para el funcionamiento de\u00a0 esta sociedad y con las que jugadoras m\u00e1s j\u00f3venes se puedan identificar.<\/em><\/p>\n<p><em>En nuestro deporte sobran planes y faltan proyectos, sobran palabras y faltan hechos, se necesitan convenios colectivos tanto para jugadoras como para t\u00e9cnicos y \u00e1rbitros, controlados en estructuras con profesionales administrativos, gestores econ\u00f3micos, profesionales del marketing y publicidad\u201d.<\/em><\/p>\n<p>Al comprobar la realidad en la que este deporte vive, tan lejos de lo que ella propone, es l\u00f3gico creer que partiendo de una reflexi\u00f3n necesite un tiempo para ponerse las pilas y afrontar otros retos. Aqu\u00ed o lejos de aqu\u00ed como han hecho otros t\u00e9cnicos a la vista del horizonte poco halagador que se intuye.<\/p>\n<p>Bera Bera notar\u00e1 su ausencia porque son muchos a\u00f1os en torno a su capacidad, car\u00e1cter y fortalezas. Igualmente, los candidatos que aspiran a la presidencia de la federaci\u00f3n deber\u00edan tomar nota de sus ideas y esforzarse en hacerlas realidad-<\/p>\n","protected":false},"excerpt":{"rendered":"<p>La entrenadora de balonmano del Bera Bera, actual l\u00edder de la divisi\u00f3n de honor femenina, anuncia que abandona al final de temporada el banquillo del equipo guipuzcoano, porque entiende que su ciclo ha terminado despu\u00e9s de cubrir muchas etapas al frente de un proyecto consolidado pese a las dificultades<\/p>\n","protected":false},"author":1,"featured_media":0,"comment_status":"closed","ping_status":"open","sticky":false,"template":"","format":"standard","meta":{"editor_plus_copied_stylings":"{}","_monsterinsights_skip_tracking":false,"footnotes":""},"categories":[45],"tags":[],"class_list":["post-992","post","type-post","status-publish","format-standard","hentry","category-comentarios-2012-2013"],"aioseo_notices":[],"aioseo_head":"\n\t\t<!-- All in One SEO 5.0.0.1 - aioseo.com -->\n\t<meta name=\"description\" content=\"La entrenadora de balonmano del Bera Bera, actual l\u00edder de la divisi\u00f3n de honor femenina, anuncia que abandona al final de temporada el banquillo del equipo guipuzcoano, porque entiende que su ciclo ha terminado despu\u00e9s de cubrir muchas etapas al frente de un proyecto consolidado pese a las dificultades La decisi\u00f3n la adopt\u00f3 hace un\" \/>\n\t<meta name=\"robots\" content=\"max-image-preview:large\" \/>\n\t<meta name=\"author\" content=\"I\u00f1aki de Mujika\"\/>\n\t<meta name=\"google-site-verification\" content=\"OqF6EAwritiAZRpCdqm7K8ePP_ZHngiUX4qiOwdV5ls\" \/>\n\t<link rel=\"canonical\" href=\"https:\/\/elbeaterio.es\/index.php\/2013\/04\/16\/al-borde-del-parque\/\" \/>\n\t<meta name=\"generator\" content=\"All in One SEO (AIOSEO) 5.0.0.1\" \/>\n\t\t<meta property=\"og:locale\" content=\"es_ES\" \/>\n\t\t<meta property=\"og:site_name\" content=\"El Beaterio de I\u00f1aki de Mujika - Blog de I\u00f1aki de Mujika. Sus beaterios en Noticias de Gipuzkoa, las entrevistas, los programas de televisi\u00f3n &quot;Tiempo real&quot;, homenajes, etc.\" \/>\n\t\t<meta property=\"og:type\" content=\"article\" \/>\n\t\t<meta property=\"og:title\" content=\"Al borde del parqu\u00e9 - El Beaterio de I\u00f1aki de Mujika\" \/>\n\t\t<meta property=\"og:description\" content=\"La entrenadora de balonmano del Bera Bera, actual l\u00edder de la divisi\u00f3n de honor femenina, anuncia que abandona al final de temporada el banquillo del equipo guipuzcoano, porque entiende que su ciclo ha terminado despu\u00e9s de cubrir muchas etapas al frente de un proyecto consolidado pese a las dificultades La decisi\u00f3n la adopt\u00f3 hace un\" \/>\n\t\t<meta property=\"og:url\" content=\"https:\/\/elbeaterio.es\/index.php\/2013\/04\/16\/al-borde-del-parque\/\" \/>\n\t\t<meta property=\"article:published_time\" content=\"2013-04-16T06:06:50+00:00\" \/>\n\t\t<meta property=\"article:modified_time\" content=\"2023-07-02T14:14:04+00:00\" \/>\n\t\t<meta name=\"twitter:card\" content=\"summary_large_image\" \/>\n\t\t<meta name=\"twitter:title\" content=\"Al borde del parqu\u00e9 - El Beaterio de I\u00f1aki de Mujika\" \/>\n\t\t<meta name=\"twitter:description\" content=\"La entrenadora de balonmano del Bera Bera, actual l\u00edder de la divisi\u00f3n de honor femenina, anuncia que abandona al final de temporada el banquillo del equipo guipuzcoano, porque entiende que su ciclo ha terminado despu\u00e9s de cubrir muchas etapas al frente de un proyecto consolidado pese a las dificultades La decisi\u00f3n la adopt\u00f3 hace un\" \/>\n\t\t<script type=\"application\/ld+json\" class=\"aioseo-schema\">\n\t\t\t{\"@context\":\"https:\\\/\\\/schema.org\",\"@graph\":[{\"@type\":\"BlogPosting\",\"@id\":\"https:\\\/\\\/elbeaterio.es\\\/index.php\\\/2013\\\/04\\\/16\\\/al-borde-del-parque\\\/#blogposting\",\"name\":\"Al borde del parqu\\u00e9 - El Beaterio de I\\u00f1aki de Mujika\",\"headline\":\"Al borde del parqu\\u00e9\",\"author\":{\"@id\":\"https:\\\/\\\/elbeaterio.es\\\/index.php\\\/author\\\/ceh-mujicagmail-com\\\/#author\"},\"publisher\":{\"@id\":\"https:\\\/\\\/elbeaterio.es\\\/#person\"},\"image\":{\"@type\":\"ImageObject\",\"@id\":\"https:\\\/\\\/elbeaterio.es\\\/index.php\\\/2013\\\/04\\\/16\\\/al-borde-del-parque\\\/#articleImage\",\"url\":\"https:\\\/\\\/secure.gravatar.com\\\/avatar\\\/52e148bfb67d1f33983028b354e60f197561f893059a19708944b85230c274f9?s=96&d=mm&r=g\",\"width\":96,\"height\":96,\"caption\":\"I\\u00f1aki de Mujika\"},\"datePublished\":\"2013-04-16T06:06:50+02:00\",\"dateModified\":\"2023-07-02T16:14:04+02:00\",\"inLanguage\":\"es-ES\",\"mainEntityOfPage\":{\"@id\":\"https:\\\/\\\/elbeaterio.es\\\/index.php\\\/2013\\\/04\\\/16\\\/al-borde-del-parque\\\/#webpage\"},\"isPartOf\":{\"@id\":\"https:\\\/\\\/elbeaterio.es\\\/index.php\\\/2013\\\/04\\\/16\\\/al-borde-del-parque\\\/#webpage\"},\"articleSection\":\"Comentarios 2012-2013\"},{\"@type\":\"BreadcrumbList\",\"@id\":\"https:\\\/\\\/elbeaterio.es\\\/index.php\\\/2013\\\/04\\\/16\\\/al-borde-del-parque\\\/#breadcrumblist\",\"itemListElement\":[{\"@type\":\"ListItem\",\"@id\":\"https:\\\/\\\/elbeaterio.es#listItem\",\"position\":1,\"name\":\"Hogar\",\"item\":\"https:\\\/\\\/elbeaterio.es\",\"nextItem\":{\"@type\":\"ListItem\",\"@id\":\"https:\\\/\\\/elbeaterio.es\\\/index.php\\\/category\\\/temporadas-anteriores\\\/#listItem\",\"name\":\"Temporadas anteriores\"}},{\"@type\":\"ListItem\",\"@id\":\"https:\\\/\\\/elbeaterio.es\\\/index.php\\\/category\\\/temporadas-anteriores\\\/#listItem\",\"position\":2,\"name\":\"Temporadas anteriores\",\"item\":\"https:\\\/\\\/elbeaterio.es\\\/index.php\\\/category\\\/temporadas-anteriores\\\/\",\"nextItem\":{\"@type\":\"ListItem\",\"@id\":\"https:\\\/\\\/elbeaterio.es\\\/index.php\\\/category\\\/temporadas-anteriores\\\/comentario-del-dia\\\/#listItem\",\"name\":\"El comentario del d\\u00eda\"},\"previousItem\":{\"@type\":\"ListItem\",\"@id\":\"https:\\\/\\\/elbeaterio.es#listItem\",\"name\":\"Hogar\"}},{\"@type\":\"ListItem\",\"@id\":\"https:\\\/\\\/elbeaterio.es\\\/index.php\\\/category\\\/temporadas-anteriores\\\/comentario-del-dia\\\/#listItem\",\"position\":3,\"name\":\"El comentario del d\\u00eda\",\"item\":\"https:\\\/\\\/elbeaterio.es\\\/index.php\\\/category\\\/temporadas-anteriores\\\/comentario-del-dia\\\/\",\"nextItem\":{\"@type\":\"ListItem\",\"@id\":\"https:\\\/\\\/elbeaterio.es\\\/index.php\\\/category\\\/temporadas-anteriores\\\/comentario-del-dia\\\/comentarios-2012-2013\\\/#listItem\",\"name\":\"Comentarios 2012-2013\"},\"previousItem\":{\"@type\":\"ListItem\",\"@id\":\"https:\\\/\\\/elbeaterio.es\\\/index.php\\\/category\\\/temporadas-anteriores\\\/#listItem\",\"name\":\"Temporadas anteriores\"}},{\"@type\":\"ListItem\",\"@id\":\"https:\\\/\\\/elbeaterio.es\\\/index.php\\\/category\\\/temporadas-anteriores\\\/comentario-del-dia\\\/comentarios-2012-2013\\\/#listItem\",\"position\":4,\"name\":\"Comentarios 2012-2013\",\"item\":\"https:\\\/\\\/elbeaterio.es\\\/index.php\\\/category\\\/temporadas-anteriores\\\/comentario-del-dia\\\/comentarios-2012-2013\\\/\",\"nextItem\":{\"@type\":\"ListItem\",\"@id\":\"https:\\\/\\\/elbeaterio.es\\\/index.php\\\/2013\\\/04\\\/16\\\/al-borde-del-parque\\\/#listItem\",\"name\":\"Al borde del parqu\\u00e9\"},\"previousItem\":{\"@type\":\"ListItem\",\"@id\":\"https:\\\/\\\/elbeaterio.es\\\/index.php\\\/category\\\/temporadas-anteriores\\\/comentario-del-dia\\\/#listItem\",\"name\":\"El comentario del d\\u00eda\"}},{\"@type\":\"ListItem\",\"@id\":\"https:\\\/\\\/elbeaterio.es\\\/index.php\\\/2013\\\/04\\\/16\\\/al-borde-del-parque\\\/#listItem\",\"position\":5,\"name\":\"Al borde del parqu\\u00e9\",\"previousItem\":{\"@type\":\"ListItem\",\"@id\":\"https:\\\/\\\/elbeaterio.es\\\/index.php\\\/category\\\/temporadas-anteriores\\\/comentario-del-dia\\\/comentarios-2012-2013\\\/#listItem\",\"name\":\"Comentarios 2012-2013\"}}]},{\"@type\":\"Person\",\"@id\":\"https:\\\/\\\/elbeaterio.es\\\/#person\",\"name\":\"I\\u00f1aki de Mujika\",\"image\":{\"@type\":\"ImageObject\",\"@id\":\"https:\\\/\\\/elbeaterio.es\\\/index.php\\\/2013\\\/04\\\/16\\\/al-borde-del-parque\\\/#personImage\",\"url\":\"https:\\\/\\\/secure.gravatar.com\\\/avatar\\\/52e148bfb67d1f33983028b354e60f197561f893059a19708944b85230c274f9?s=96&d=mm&r=g\",\"width\":96,\"height\":96,\"caption\":\"I\\u00f1aki de Mujika\"}},{\"@type\":\"Person\",\"@id\":\"https:\\\/\\\/elbeaterio.es\\\/index.php\\\/author\\\/ceh-mujicagmail-com\\\/#author\",\"url\":\"https:\\\/\\\/elbeaterio.es\\\/index.php\\\/author\\\/ceh-mujicagmail-com\\\/\",\"name\":\"I\\u00f1aki de Mujika\",\"image\":{\"@type\":\"ImageObject\",\"@id\":\"https:\\\/\\\/elbeaterio.es\\\/index.php\\\/2013\\\/04\\\/16\\\/al-borde-del-parque\\\/#authorImage\",\"url\":\"https:\\\/\\\/secure.gravatar.com\\\/avatar\\\/52e148bfb67d1f33983028b354e60f197561f893059a19708944b85230c274f9?s=96&d=mm&r=g\",\"width\":96,\"height\":96,\"caption\":\"I\\u00f1aki de Mujika\"}},{\"@type\":\"WebPage\",\"@id\":\"https:\\\/\\\/elbeaterio.es\\\/index.php\\\/2013\\\/04\\\/16\\\/al-borde-del-parque\\\/#webpage\",\"url\":\"https:\\\/\\\/elbeaterio.es\\\/index.php\\\/2013\\\/04\\\/16\\\/al-borde-del-parque\\\/\",\"name\":\"Al borde del parqu\\u00e9 - El Beaterio de I\\u00f1aki de Mujika\",\"description\":\"La entrenadora de balonmano del Bera Bera, actual l\\u00edder de la divisi\\u00f3n de honor femenina, anuncia que abandona al final de temporada el banquillo del equipo guipuzcoano, porque entiende que su ciclo ha terminado despu\\u00e9s de cubrir muchas etapas al frente de un proyecto consolidado pese a las dificultades La decisi\\u00f3n la adopt\\u00f3 hace un\",\"inLanguage\":\"es-ES\",\"isPartOf\":{\"@id\":\"https:\\\/\\\/elbeaterio.es\\\/#website\"},\"breadcrumb\":{\"@id\":\"https:\\\/\\\/elbeaterio.es\\\/index.php\\\/2013\\\/04\\\/16\\\/al-borde-del-parque\\\/#breadcrumblist\"},\"author\":{\"@id\":\"https:\\\/\\\/elbeaterio.es\\\/index.php\\\/author\\\/ceh-mujicagmail-com\\\/#author\"},\"creator\":{\"@id\":\"https:\\\/\\\/elbeaterio.es\\\/index.php\\\/author\\\/ceh-mujicagmail-com\\\/#author\"},\"datePublished\":\"2013-04-16T06:06:50+02:00\",\"dateModified\":\"2023-07-02T16:14:04+02:00\"},{\"@type\":\"WebSite\",\"@id\":\"https:\\\/\\\/elbeaterio.es\\\/#website\",\"url\":\"https:\\\/\\\/elbeaterio.es\\\/\",\"name\":\"El Beaterio de I\\u00f1aki de Mujika\",\"alternateName\":\"elbeaterio.es\",\"description\":\"Blog de I\\u00f1aki de Mujika. Sus beaterios en Noticias de Gipuzkoa, las entrevistas, los programas de televisi\\u00f3n \\\"Tiempo real\\\", homenajes, etc.\",\"inLanguage\":\"es-ES\",\"publisher\":{\"@id\":\"https:\\\/\\\/elbeaterio.es\\\/#person\"}}]}\n\t\t<\/script>\n\t\t<!-- All in One SEO -->\n\n","aioseo_head_json":{"title":"Al borde del parqu\u00e9 - El Beaterio de I\u00f1aki de Mujika","description":"La entrenadora de balonmano del Bera Bera, actual l\u00edder de la divisi\u00f3n de honor femenina, anuncia que abandona al final de temporada el banquillo del equipo guipuzcoano, porque entiende que su ciclo ha terminado despu\u00e9s de cubrir muchas etapas al frente de un proyecto consolidado pese a las dificultades La decisi\u00f3n la adopt\u00f3 hace un","canonical_url":"https:\/\/elbeaterio.es\/index.php\/2013\/04\/16\/al-borde-del-parque\/","robots":"max-image-preview:large","keywords":"","webmasterTools":{"google-site-verification":"OqF6EAwritiAZRpCdqm7K8ePP_ZHngiUX4qiOwdV5ls","miscellaneous":""},"schema":{"@context":"https:\/\/schema.org","@graph":[{"@type":"BlogPosting","@id":"https:\/\/elbeaterio.es\/index.php\/2013\/04\/16\/al-borde-del-parque\/#blogposting","name":"Al borde del parqu\u00e9 - El Beaterio de I\u00f1aki de Mujika","headline":"Al borde del parqu\u00e9","author":{"@id":"https:\/\/elbeaterio.es\/index.php\/author\/ceh-mujicagmail-com\/#author"},"publisher":{"@id":"https:\/\/elbeaterio.es\/#person"},"image":{"@type":"ImageObject","@id":"https:\/\/elbeaterio.es\/index.php\/2013\/04\/16\/al-borde-del-parque\/#articleImage","url":"https:\/\/secure.gravatar.com\/avatar\/52e148bfb67d1f33983028b354e60f197561f893059a19708944b85230c274f9?s=96&d=mm&r=g","width":96,"height":96,"caption":"I\u00f1aki de Mujika"},"datePublished":"2013-04-16T06:06:50+02:00","dateModified":"2023-07-02T16:14:04+02:00","inLanguage":"es-ES","mainEntityOfPage":{"@id":"https:\/\/elbeaterio.es\/index.php\/2013\/04\/16\/al-borde-del-parque\/#webpage"},"isPartOf":{"@id":"https:\/\/elbeaterio.es\/index.php\/2013\/04\/16\/al-borde-del-parque\/#webpage"},"articleSection":"Comentarios 2012-2013"},{"@type":"BreadcrumbList","@id":"https:\/\/elbeaterio.es\/index.php\/2013\/04\/16\/al-borde-del-parque\/#breadcrumblist","itemListElement":[{"@type":"ListItem","@id":"https:\/\/elbeaterio.es#listItem","position":1,"name":"Hogar","item":"https:\/\/elbeaterio.es","nextItem":{"@type":"ListItem","@id":"https:\/\/elbeaterio.es\/index.php\/category\/temporadas-anteriores\/#listItem","name":"Temporadas anteriores"}},{"@type":"ListItem","@id":"https:\/\/elbeaterio.es\/index.php\/category\/temporadas-anteriores\/#listItem","position":2,"name":"Temporadas anteriores","item":"https:\/\/elbeaterio.es\/index.php\/category\/temporadas-anteriores\/","nextItem":{"@type":"ListItem","@id":"https:\/\/elbeaterio.es\/index.php\/category\/temporadas-anteriores\/comentario-del-dia\/#listItem","name":"El comentario del d\u00eda"},"previousItem":{"@type":"ListItem","@id":"https:\/\/elbeaterio.es#listItem","name":"Hogar"}},{"@type":"ListItem","@id":"https:\/\/elbeaterio.es\/index.php\/category\/temporadas-anteriores\/comentario-del-dia\/#listItem","position":3,"name":"El comentario del d\u00eda","item":"https:\/\/elbeaterio.es\/index.php\/category\/temporadas-anteriores\/comentario-del-dia\/","nextItem":{"@type":"ListItem","@id":"https:\/\/elbeaterio.es\/index.php\/category\/temporadas-anteriores\/comentario-del-dia\/comentarios-2012-2013\/#listItem","name":"Comentarios 2012-2013"},"previousItem":{"@type":"ListItem","@id":"https:\/\/elbeaterio.es\/index.php\/category\/temporadas-anteriores\/#listItem","name":"Temporadas anteriores"}},{"@type":"ListItem","@id":"https:\/\/elbeaterio.es\/index.php\/category\/temporadas-anteriores\/comentario-del-dia\/comentarios-2012-2013\/#listItem","position":4,"name":"Comentarios 2012-2013","item":"https:\/\/elbeaterio.es\/index.php\/category\/temporadas-anteriores\/comentario-del-dia\/comentarios-2012-2013\/","nextItem":{"@type":"ListItem","@id":"https:\/\/elbeaterio.es\/index.php\/2013\/04\/16\/al-borde-del-parque\/#listItem","name":"Al borde del parqu\u00e9"},"previousItem":{"@type":"ListItem","@id":"https:\/\/elbeaterio.es\/index.php\/category\/temporadas-anteriores\/comentario-del-dia\/#listItem","name":"El comentario del d\u00eda"}},{"@type":"ListItem","@id":"https:\/\/elbeaterio.es\/index.php\/2013\/04\/16\/al-borde-del-parque\/#listItem","position":5,"name":"Al borde del parqu\u00e9","previousItem":{"@type":"ListItem","@id":"https:\/\/elbeaterio.es\/index.php\/category\/temporadas-anteriores\/comentario-del-dia\/comentarios-2012-2013\/#listItem","name":"Comentarios 2012-2013"}}]},{"@type":"Person","@id":"https:\/\/elbeaterio.es\/#person","name":"I\u00f1aki de Mujika","image":{"@type":"ImageObject","@id":"https:\/\/elbeaterio.es\/index.php\/2013\/04\/16\/al-borde-del-parque\/#personImage","url":"https:\/\/secure.gravatar.com\/avatar\/52e148bfb67d1f33983028b354e60f197561f893059a19708944b85230c274f9?s=96&d=mm&r=g","width":96,"height":96,"caption":"I\u00f1aki de Mujika"}},{"@type":"Person","@id":"https:\/\/elbeaterio.es\/index.php\/author\/ceh-mujicagmail-com\/#author","url":"https:\/\/elbeaterio.es\/index.php\/author\/ceh-mujicagmail-com\/","name":"I\u00f1aki de Mujika","image":{"@type":"ImageObject","@id":"https:\/\/elbeaterio.es\/index.php\/2013\/04\/16\/al-borde-del-parque\/#authorImage","url":"https:\/\/secure.gravatar.com\/avatar\/52e148bfb67d1f33983028b354e60f197561f893059a19708944b85230c274f9?s=96&d=mm&r=g","width":96,"height":96,"caption":"I\u00f1aki de Mujika"}},{"@type":"WebPage","@id":"https:\/\/elbeaterio.es\/index.php\/2013\/04\/16\/al-borde-del-parque\/#webpage","url":"https:\/\/elbeaterio.es\/index.php\/2013\/04\/16\/al-borde-del-parque\/","name":"Al borde del parqu\u00e9 - El Beaterio de I\u00f1aki de Mujika","description":"La entrenadora de balonmano del Bera Bera, actual l\u00edder de la divisi\u00f3n de honor femenina, anuncia que abandona al final de temporada el banquillo del equipo guipuzcoano, porque entiende que su ciclo ha terminado despu\u00e9s de cubrir muchas etapas al frente de un proyecto consolidado pese a las dificultades La decisi\u00f3n la adopt\u00f3 hace un","inLanguage":"es-ES","isPartOf":{"@id":"https:\/\/elbeaterio.es\/#website"},"breadcrumb":{"@id":"https:\/\/elbeaterio.es\/index.php\/2013\/04\/16\/al-borde-del-parque\/#breadcrumblist"},"author":{"@id":"https:\/\/elbeaterio.es\/index.php\/author\/ceh-mujicagmail-com\/#author"},"creator":{"@id":"https:\/\/elbeaterio.es\/index.php\/author\/ceh-mujicagmail-com\/#author"},"datePublished":"2013-04-16T06:06:50+02:00","dateModified":"2023-07-02T16:14:04+02:00"},{"@type":"WebSite","@id":"https:\/\/elbeaterio.es\/#website","url":"https:\/\/elbeaterio.es\/","name":"El Beaterio de I\u00f1aki de Mujika","alternateName":"elbeaterio.es","description":"Blog de I\u00f1aki de Mujika. Sus beaterios en Noticias de Gipuzkoa, las entrevistas, los programas de televisi\u00f3n \"Tiempo real\", homenajes, etc.","inLanguage":"es-ES","publisher":{"@id":"https:\/\/elbeaterio.es\/#person"}}]},"og:locale":"es_ES","og:site_name":"El Beaterio de I\u00f1aki de Mujika - Blog de I\u00f1aki de Mujika. Sus beaterios en Noticias de Gipuzkoa, las entrevistas, los programas de televisi\u00f3n &quot;Tiempo real&quot;, homenajes, etc.","og:type":"article","og:title":"Al borde del parqu\u00e9 - El Beaterio de I\u00f1aki de Mujika","og:description":"La entrenadora de balonmano del Bera Bera, actual l\u00edder de la divisi\u00f3n de honor femenina, anuncia que abandona al final de temporada el banquillo del equipo guipuzcoano, porque entiende que su ciclo ha terminado despu\u00e9s de cubrir muchas etapas al frente de un proyecto consolidado pese a las dificultades La decisi\u00f3n la adopt\u00f3 hace un","og:url":"https:\/\/elbeaterio.es\/index.php\/2013\/04\/16\/al-borde-del-parque\/","article:published_time":"2013-04-16T06:06:50+00:00","article:modified_time":"2023-07-02T14:14:04+00:00","twitter:card":"summary_large_image","twitter:title":"Al borde del parqu\u00e9 - El Beaterio de I\u00f1aki de Mujika","twitter:description":"La entrenadora de balonmano del Bera Bera, actual l\u00edder de la divisi\u00f3n de honor femenina, anuncia que abandona al final de temporada el banquillo del equipo guipuzcoano, porque entiende que su ciclo ha terminado despu\u00e9s de cubrir muchas etapas al frente de un proyecto consolidado pese a las dificultades La decisi\u00f3n la adopt\u00f3 hace un"},"aioseo_meta_data":{"post_id":"992","title":null,"description":null,"keywords":null,"keyphrases":null,"primary_term":null,"canonical_url":null,"og_title":null,"og_description":null,"og_object_type":"default","og_image_type":"default","og_image_url":null,"og_image_width":null,"og_image_height":null,"og_image_custom_url":null,"og_image_custom_fields":null,"og_video":null,"og_custom_url":null,"og_article_section":null,"og_article_tags":null,"twitter_use_og":false,"twitter_card":"default","twitter_image_type":"default","twitter_image_url":null,"twitter_image_custom_url":null,"twitter_image_custom_fields":null,"twitter_title":null,"twitter_description":null,"schema":{"blockGraphs":[],"customGraphs":[],"default":{"data":{"Article":[],"Course":[],"Dataset":[],"FAQPage":[],"Movie":[],"Person":[],"Product":[],"ProductReview":[],"Car":[],"Recipe":[],"Service":[],"SoftwareApplication":[],"WebPage":[]},"graphName":"","isEnabled":true},"graphs":[]},"schema_type":"default","schema_type_options":null,"pillar_content":false,"robots_default":true,"robots_noindex":false,"robots_noarchive":false,"robots_nosnippet":false,"robots_nofollow":false,"robots_noimageindex":false,"robots_noodp":false,"robots_notranslate":false,"robots_max_snippet":null,"robots_max_videopreview":null,"robots_max_imagepreview":"large","priority":null,"frequency":null,"local_seo":null,"breadcrumb_settings":null,"limit_modified_date":false,"ai":null,"created":"2024-11-16 17:08:49","updated":"2025-06-04 04:01:37","seo_analyzer_scan_date":null,"focus_keyword":null,"additional_keywords":null,"truseo_locale":null},"aioseo_breadcrumb":"<div class=\"aioseo-breadcrumbs\"><span class=\"aioseo-breadcrumb\">\n\t\t\t<a href=\"https:\/\/elbeaterio.es\" title=\"Hogar\">Hogar<\/a>\n\t\t<\/span><span class=\"aioseo-breadcrumb-separator\">&raquo;<\/span><span class=\"aioseo-breadcrumb\">\n\t\t\t<a href=\"https:\/\/elbeaterio.es\/index.php\/category\/temporadas-anteriores\/\" title=\"Temporadas anteriores\">Temporadas anteriores<\/a>\n\t\t<\/span><span class=\"aioseo-breadcrumb-separator\">&raquo;<\/span><span class=\"aioseo-breadcrumb\">\n\t\t\t<a href=\"https:\/\/elbeaterio.es\/index.php\/category\/temporadas-anteriores\/comentario-del-dia\/\" title=\"El comentario del d\u00eda\">El comentario del d\u00eda<\/a>\n\t\t<\/span><span class=\"aioseo-breadcrumb-separator\">&raquo;<\/span><span class=\"aioseo-breadcrumb\">\n\t\t\t<a href=\"https:\/\/elbeaterio.es\/index.php\/category\/temporadas-anteriores\/comentario-del-dia\/comentarios-2012-2013\/\" title=\"Comentarios 2012-2013\">Comentarios 2012-2013<\/a>\n\t\t<\/span><span class=\"aioseo-breadcrumb-separator\">&raquo;<\/span><span class=\"aioseo-breadcrumb\">\n\t\t\tAl borde del parqu\u00e9\n\t\t<\/span><\/div>","aioseo_breadcrumb_json":[{"label":"Hogar","link":"https:\/\/elbeaterio.es"},{"label":"Temporadas anteriores","link":"https:\/\/elbeaterio.es\/index.php\/category\/temporadas-anteriores\/"},{"label":"El comentario del d\u00eda","link":"https:\/\/elbeaterio.es\/index.php\/category\/temporadas-anteriores\/comentario-del-dia\/"},{"label":"Comentarios 2012-2013","link":"https:\/\/elbeaterio.es\/index.php\/category\/temporadas-anteriores\/comentario-del-dia\/comentarios-2012-2013\/"},{"label":"Al borde del parqu\u00e9","link":"https:\/\/elbeaterio.es\/index.php\/2013\/04\/16\/al-borde-del-parque\/"}],"_links":{"self":[{"href":"https:\/\/elbeaterio.es\/index.php\/wp-json\/wp\/v2\/posts\/992","targetHints":{"allow":["GET"]}}],"collection":[{"href":"https:\/\/elbeaterio.es\/index.php\/wp-json\/wp\/v2\/posts"}],"about":[{"href":"https:\/\/elbeaterio.es\/index.php\/wp-json\/wp\/v2\/types\/post"}],"author":[{"embeddable":true,"href":"https:\/\/elbeaterio.es\/index.php\/wp-json\/wp\/v2\/users\/1"}],"replies":[{"embeddable":true,"href":"https:\/\/elbeaterio.es\/index.php\/wp-json\/wp\/v2\/comments?post=992"}],"version-history":[{"count":1,"href":"https:\/\/elbeaterio.es\/index.php\/wp-json\/wp\/v2\/posts\/992\/revisions"}],"predecessor-version":[{"id":5461,"href":"https:\/\/elbeaterio.es\/index.php\/wp-json\/wp\/v2\/posts\/992\/revisions\/5461"}],"wp:attachment":[{"href":"https:\/\/elbeaterio.es\/index.php\/wp-json\/wp\/v2\/media?parent=992"}],"wp:term":[{"taxonomy":"category","embeddable":true,"href":"https:\/\/elbeaterio.es\/index.php\/wp-json\/wp\/v2\/categories?post=992"},{"taxonomy":"post_tag","embeddable":true,"href":"https:\/\/elbeaterio.es\/index.php\/wp-json\/wp\/v2\/tags?post=992"}],"curies":[{"name":"wp","href":"https:\/\/api.w.org\/{rel}","templated":true}]}}