{"id":996,"date":"2013-04-17T18:45:36","date_gmt":"2013-04-17T18:45:36","guid":{"rendered":"http:\/\/localhost\/joomla\/2013\/04\/17\/valero\/"},"modified":"2023-07-02T16:14:04","modified_gmt":"2023-07-02T14:14:04","slug":"valero","status":"publish","type":"post","link":"https:\/\/elbeaterio.es\/index.php\/2013\/04\/17\/valero\/","title":{"rendered":"Valero"},"content":{"rendered":"<p>Valero Rivera, las dos con \u201cv\u201d, decide marcharse a Catar. Coge el portante y se va a un territorio que maneja dividendos, apuesta por el deporte y propone una serie de citas de orden mundial que llevar\u00e1n all\u00ed a lo m\u00e1s granado de las modalidades.\u00a0 de f\u00fatbol, balonmano, pruebas de F\u00f3rmula 1 y lo que se tercie porque el petrod\u00f3lar a estas alturas lo puede todo.<\/p>\n<p><!--more--><\/p>\n<p>\u00a0<\/p>\n<p>\u00a0<\/p>\n<p>El t\u00e9cnico aragon\u00e9s ha cumplido 60 a\u00f1os y se encuentra con fuerzas suficientes para iniciar proyectos nuevos. El curriculum de victorias es incuestionable e inigualable. No le falta nada en sus vitrinas, despu\u00e9s del campeonato del mundo conseguido hace un par de meses con el triunfo en la final ante los daneses.<\/p>\n<p>Coincidi\u00f3 el \u00e9xito con la conclusi\u00f3n del mandato como presidente de su principal valedor Juan de Dios Rom\u00e1n. Ambos se apoyaron para hacer posible un hito deportivo que reforz\u00f3 la santa alianza de dos t\u00e9cnicos que se conocen de sobra y fueron rivales durante mucho tiempo. El presidente dejar\u00e1 de serlo en un par de semanas y los candidatos a sucederle, son a esta hora, simplemente candidatos.<\/p>\n<p>Uno de ellos, Joseja Hombrados, habl\u00f3 con \u00e9l para conocer sus planes e intenciones. El otro, Francisco Bl\u00e1zquez, no ha sido capaz siquiera de descolgar el tel\u00e9fono para interesarse. A la vista del panorama y con la situaci\u00f3n econ\u00f3mica de la federaci\u00f3n poco hab\u00eda que esperar si cuentas con una oferta suculenta como la catar\u00ed. Apuesta firme por el entrenador y trabajo para tiempo.<\/p>\n<p>Valero Rivera mantiene abierta su oficina de representaci\u00f3n de jugadores y a muchos, entre ellos su hijo,\u00a0les ha buscado acomodo lejos de su entorno habitual. Ahora, con la apertura de nuevos mercados, es posible que m\u00e1s all\u00e1 de Francia, Alemania o Hungr\u00eda nos encontremos con deportistas en pa\u00edses \u00e1rabes y emergentes en el deporte. Tambi\u00e9n los t\u00e9cnicos han decidido traspasar los pirineos y el a\u00f1o pr\u00f3ximo algunos cl\u00e1sicos de los banquillos de aqu\u00ed (Pastor, Cadenas, Ortega, Valero) ver\u00e1n los toros desde distinta barrera.<\/p>\n<p>Esta fuga de cerebros va a dejar la competici\u00f3n dom\u00e9stica absolutamente esquilmada y la que fue mejor liga del mundo, la Asobal, no va a ir m\u00e1s all\u00e1 del patio de mi casa, que, eso s\u00ed, seguir\u00e1 siendo particular y pobre. Quedar\u00e1 la historia de los mejores momentos, con grandes jugadores y espl\u00e9ndidos t\u00e9cnicos. Valero, entre ellos.<\/p>\n","protected":false},"excerpt":{"rendered":"<p>Valero Rivera, las dos con \u201cv\u201d, decide marcharse a Catar. Coge el portante y se va a un territorio que maneja dividendos, apuesta por el deporte y propone una serie de citas de orden mundial que llevar\u00e1n all\u00ed a lo m\u00e1s granado de las modalidades.\u00a0 de f\u00fatbol, balonmano, pruebas de F\u00f3rmula 1 y lo que [&hellip;]<\/p>\n","protected":false},"author":1,"featured_media":0,"comment_status":"closed","ping_status":"open","sticky":false,"template":"","format":"standard","meta":{"editor_plus_copied_stylings":"{}","_monsterinsights_skip_tracking":false,"_monsterinsights_sitenote_active":false,"_monsterinsights_sitenote_note":"","_monsterinsights_sitenote_category":0,"footnotes":""},"categories":[45],"tags":[],"class_list":["post-996","post","type-post","status-publish","format-standard","hentry","category-comentarios-2012-2013"],"aioseo_notices":[],"_links":{"self":[{"href":"https:\/\/elbeaterio.es\/index.php\/wp-json\/wp\/v2\/posts\/996","targetHints":{"allow":["GET"]}}],"collection":[{"href":"https:\/\/elbeaterio.es\/index.php\/wp-json\/wp\/v2\/posts"}],"about":[{"href":"https:\/\/elbeaterio.es\/index.php\/wp-json\/wp\/v2\/types\/post"}],"author":[{"embeddable":true,"href":"https:\/\/elbeaterio.es\/index.php\/wp-json\/wp\/v2\/users\/1"}],"replies":[{"embeddable":true,"href":"https:\/\/elbeaterio.es\/index.php\/wp-json\/wp\/v2\/comments?post=996"}],"version-history":[{"count":1,"href":"https:\/\/elbeaterio.es\/index.php\/wp-json\/wp\/v2\/posts\/996\/revisions"}],"predecessor-version":[{"id":5460,"href":"https:\/\/elbeaterio.es\/index.php\/wp-json\/wp\/v2\/posts\/996\/revisions\/5460"}],"wp:attachment":[{"href":"https:\/\/elbeaterio.es\/index.php\/wp-json\/wp\/v2\/media?parent=996"}],"wp:term":[{"taxonomy":"category","embeddable":true,"href":"https:\/\/elbeaterio.es\/index.php\/wp-json\/wp\/v2\/categories?post=996"},{"taxonomy":"post_tag","embeddable":true,"href":"https:\/\/elbeaterio.es\/index.php\/wp-json\/wp\/v2\/tags?post=996"}],"curies":[{"name":"wp","href":"https:\/\/api.w.org\/{rel}","templated":true}]}}